{"id":1179,"date":"2026-03-10T17:46:26","date_gmt":"2026-03-10T16:46:26","guid":{"rendered":"https:\/\/www.ilbytecidio.it\/?p=1179"},"modified":"2026-03-10T17:47:04","modified_gmt":"2026-03-10T16:47:04","slug":"la-magia-de-las-ondas-medias-la-magia-delle-onde-medie-radio-am","status":"publish","type":"post","link":"https:\/\/www.ilbytecidio.it\/?p=1179","title":{"rendered":"La magia de las ondas medias \/ La magia delle onde medie (radio AM)"},"content":{"rendered":"\n<figure class=\"wp-block-image size-large\"><a href=\"https:\/\/www.ilbytecidio.it\/wp-content\/uploads\/2026\/03\/IMG_20260310_174236-scaled.jpg\"><img loading=\"lazy\" decoding=\"async\" width=\"1024\" height=\"771\" src=\"https:\/\/www.ilbytecidio.it\/wp-content\/uploads\/2026\/03\/IMG_20260310_174236-1024x771.jpg\" alt=\"\" class=\"wp-image-1181\" srcset=\"https:\/\/www.ilbytecidio.it\/wp-content\/uploads\/2026\/03\/IMG_20260310_174236-1024x771.jpg 1024w, https:\/\/www.ilbytecidio.it\/wp-content\/uploads\/2026\/03\/IMG_20260310_174236-300x226.jpg 300w, https:\/\/www.ilbytecidio.it\/wp-content\/uploads\/2026\/03\/IMG_20260310_174236-768x578.jpg 768w, https:\/\/www.ilbytecidio.it\/wp-content\/uploads\/2026\/03\/IMG_20260310_174236-1536x1156.jpg 1536w, https:\/\/www.ilbytecidio.it\/wp-content\/uploads\/2026\/03\/IMG_20260310_174236-2048x1542.jpg 2048w, https:\/\/www.ilbytecidio.it\/wp-content\/uploads\/2026\/03\/IMG_20260310_174236-399x300.jpg 399w\" sizes=\"auto, (max-width: 1024px) 100vw, 1024px\" \/><\/a><figcaption class=\"wp-element-caption\">Los pocos componente necesarios para construir una radio AM &#8220;de cristal&#8221;<br>I pochi componenti necessari a costruire una radio AM &#8220;a cristallo&#8221;<\/figcaption><\/figure>\n\n\n\n<p><a href=\"#ita\" data-type=\"internal\" data-id=\"#ita\">Vai alla versione in italiano<\/a><\/p>\n\n\n\n<p>Las ondas medias parecen, para muchos, un recuerdo del pasado. Sin embargo, para quienes seguimos escuchando con el coraz\u00f3n adem\u00e1s de con los o\u00eddos, siguen siendo un puente vivo con una forma de comunicaci\u00f3n que ha marcado generaciones. En mi casa, solo una emisora contin\u00faa llegando con claridad en esta banda, y su presencia significa mucho m\u00e1s de lo que podr\u00eda parecer.<\/p>\n\n\n\n<p>Soy radioaficionado desde hace a\u00f1os, y una de mis mayores pasiones es ense\u00f1ar a construir radios a cristal. Es un arte sencillo y a la vez profundo: un hilo de cobre, un diodo, una bobina\u2026 y de pronto, un sonido se materializa en el auricular. Para muchos de mis alumnos, escuchar por primera vez una se\u00f1al real captada sin bater\u00edas ni circuitos complejos es casi un acto m\u00e1gico. Es la prueba de que la radio no es solo tecnolog\u00eda: es cultura, historia, identidad.<\/p>\n\n\n\n<p>Pero esta magia depende de algo esencial: que haya emisoras que sigan transmitiendo en ondas medias. Sin ellas, los receptores a cristal se convierten en objetos mudos, y con ellos se apaga tambi\u00e9n una parte de nuestro patrimonio t\u00e9cnico y humano. Por eso, cuando una estaci\u00f3n decide resistir y mantener viva su se\u00f1al, no est\u00e1 solo llenando un espacio en el dial: est\u00e1 preservando un legado.<\/p>\n\n\n\n<p>A esa emisora que a\u00fan llega a mi casa, quiero decirle gracias. Gracias por seguir ah\u00ed, por no rendirse, por permitir que nuevas generaciones descubran la belleza de escuchar el mundo a trav\u00e9s de un simple hilo de cobre. Ojal\u00e1 contin\u00faen transmitiendo durante muchos.<\/p>\n\n\n\n<h2 class=\"wp-block-heading\" id=\"ita\">Versione in italiano<\/h2>\n\n\n\n<p>Le onde medie, per molti, sono un ricordo del passato. Eppure, per chi continua ad ascoltare con il cuore oltre che con le orecchie, restano un ponte vivo con un modo di comunicare che ha segnato intere generazioni. A casa mia arriva ancora una sola stazione in questa banda, e la sua presenza significa molto pi\u00f9 di quanto possa sembrare.<\/p>\n\n\n\n<p>Sono radioamatore da molti anni, e una delle mie pi\u00f9 grandi passioni \u00e8 insegnare a costruire radio a cristallo. \u00c8 un\u2019arte semplice e allo stesso tempo profonda: un filo di rame, un diodo, una bobina\u2026 e all\u2019improvviso un suono si materializza nell&#8217;auricolare. Per molti dei miei allievi, ascoltare per la prima volta un segnale reale captato senza batterie n\u00e9 circuiti complessi \u00e8 quasi un atto magico. \u00c8 la prova che la radio non \u00e8 solo tecnologia: \u00e8 cultura, storia, identit\u00e0.<\/p>\n\n\n\n<p>Ma questa magia dipende da qualcosa di essenziale: che esistano ancora emittenti che trasmettono in onde medie. Senza di loro, i ricevitori a cristallo diventano oggetti muti, e con essi si spegne anche una parte del nostro patrimonio tecnico e umano. Per questo, quando una stazione decide di resistere e mantenere viva la propria voce, non sta semplicemente occupando una frequenza: sta custodendo un\u2019eredit\u00e0.<\/p>\n\n\n\n<p>A quella emittente che ancora arriva a casa mia, voglio dire grazie. Grazie per esserci, per non arrendervi, per permettere a nuove generazioni di scoprire la bellezza di ascoltare il mondo attraverso un semplice filo di rame. Spero che continuiate a trasmettere ancora per molti anni. Non siete soli: dall\u2019altra parte, continuiamo ad ascoltare.<\/p>\n","protected":false},"excerpt":{"rendered":"<p>Vai alla versione in italiano Las ondas medias parecen, para muchos, un recuerdo del pasado. Sin embargo, para quienes seguimos escuchando con el coraz\u00f3n adem\u00e1s de con los o\u00eddos, siguen siendo un puente vivo con una forma de comunicaci\u00f3n que &hellip; <a href=\"https:\/\/www.ilbytecidio.it\/?p=1179\">Continua a leggere<span class=\"meta-nav\">&rarr;<\/span><\/a><\/p>\n","protected":false},"author":1,"featured_media":0,"comment_status":"open","ping_status":"open","sticky":false,"template":"","format":"standard","meta":{"footnotes":""},"categories":[29],"tags":[],"class_list":["post-1179","post","type-post","status-publish","format-standard","hentry","category-altri-argomenti"],"views":34,"_links":{"self":[{"href":"https:\/\/www.ilbytecidio.it\/index.php?rest_route=\/wp\/v2\/posts\/1179","targetHints":{"allow":["GET"]}}],"collection":[{"href":"https:\/\/www.ilbytecidio.it\/index.php?rest_route=\/wp\/v2\/posts"}],"about":[{"href":"https:\/\/www.ilbytecidio.it\/index.php?rest_route=\/wp\/v2\/types\/post"}],"author":[{"embeddable":true,"href":"https:\/\/www.ilbytecidio.it\/index.php?rest_route=\/wp\/v2\/users\/1"}],"replies":[{"embeddable":true,"href":"https:\/\/www.ilbytecidio.it\/index.php?rest_route=%2Fwp%2Fv2%2Fcomments&post=1179"}],"version-history":[{"count":2,"href":"https:\/\/www.ilbytecidio.it\/index.php?rest_route=\/wp\/v2\/posts\/1179\/revisions"}],"predecessor-version":[{"id":1182,"href":"https:\/\/www.ilbytecidio.it\/index.php?rest_route=\/wp\/v2\/posts\/1179\/revisions\/1182"}],"wp:attachment":[{"href":"https:\/\/www.ilbytecidio.it\/index.php?rest_route=%2Fwp%2Fv2%2Fmedia&parent=1179"}],"wp:term":[{"taxonomy":"category","embeddable":true,"href":"https:\/\/www.ilbytecidio.it\/index.php?rest_route=%2Fwp%2Fv2%2Fcategories&post=1179"},{"taxonomy":"post_tag","embeddable":true,"href":"https:\/\/www.ilbytecidio.it\/index.php?rest_route=%2Fwp%2Fv2%2Ftags&post=1179"}],"curies":[{"name":"wp","href":"https:\/\/api.w.org\/{rel}","templated":true}]}}