{"id":127,"date":"2011-05-14T16:22:16","date_gmt":"2011-05-14T14:22:16","guid":{"rendered":"http:\/\/localhost\/blog\/?p=127"},"modified":"2012-12-29T22:34:16","modified_gmt":"2012-12-29T21:34:16","slug":"nostalgia-del-periodo-pre-intel","status":"publish","type":"post","link":"https:\/\/www.ilbytecidio.it\/?p=127","title":{"rendered":"Nostalgia del periodo pre-Intel?"},"content":{"rendered":"<p>Curioso come io, che sono un utente non-Apple, mi trovi spesso a parlare di Macintosh, in particolare vecchi. Penso proprio che si tratti del fatto che una volta Macintosh era una piattaforma a s\u00e8, non semplicemente &#8220;un&#8217;altra marca&#8221;.<br \/>\nLa Apple di una volta era qualcosa di diverso: finch\u00e9 io insegnavo ai miei amici ad usare un instancabile 286 Olivetti o ripulivo dai virus un vecchio macigno XT-Compatibile e cercavo di far camminare almeno alla buona Windows 3.0, esistevano quei piccoli computer tutti integrati nel monitor col sistema completamente grafico! Il mio interesse non era tantissimo, dato che me la cavavo pi\u00f9 che bene con MS-DOS e quello che mi serviva, il mio PC lo faceva, per\u00f2 sapere che c&#8217;\u00e8 qualcosa di diverso sul mercato mi \u00e8 sempre piaciuto, rende l&#8217;informatica interessante! <!--more--><br \/>\nAndando avanti di qualche anno non cambiava molto, le forme erano pi\u00f9 moderne, ma si trattava sempre di un&#8217;altro mondo: il mouse aveva un tasto solo (e quanto lo odiavo a quei tempi \ud83d\ude00 ), l&#8217;hardware era diverso, quindi niente Windows, per\u00f2 quella scatolina verde faceva tutto!<br \/>\nQuando Apple annunci\u00f2 di passare a Intel, la mia risposta fu qualcosa tipo &#8220;se gli togliamo quello che ha di diverso, che senso ha comprare un Macintosh piuttosto che un PC qualsiasi?&#8221;. Oggi si trova risposta nel sistema operativo, ma \u00e8 un discorso che vacilla, a seconda dei punti di vista! Non dico che PowerPC tecnicamente migliore di Intel, pu\u00f2 anche essere ma non ne ho idea, dato che non ne ho provato uno, semplicemente prima c&#8217;era pi\u00f9 fascino! Oggi c&#8217;\u00e8 pi\u00f9 compatibilit\u00e0, ma nemmeno questo \u00e8 un discorso che regge, dato che l&#8217;Open Source ci ha mostrato come lo stesso sistema pu\u00f2 girare su hardware totalmente diversi. Oggi vedo Apple come un produttore fra i tanti, di moda, ma non pi\u00f9 interessante. Non so bene se il discorso sia legato solo all&#8217;architettura del processore, ma prima aveva pi\u00f9 fascino.<\/p>\n<p>Voi che ne pensate?<\/p>\n","protected":false},"excerpt":{"rendered":"<p>Curioso come io, che sono un utente non-Apple, mi trovi spesso a parlare di Macintosh, in particolare vecchi. Penso proprio che si tratti del fatto che una volta Macintosh era una piattaforma a s\u00e8, non semplicemente &#8220;un&#8217;altra marca&#8221;. La Apple &hellip; <a href=\"https:\/\/www.ilbytecidio.it\/?p=127\">Continua a leggere<span class=\"meta-nav\">&rarr;<\/span><\/a><\/p>\n","protected":false},"author":1,"featured_media":0,"comment_status":"open","ping_status":"open","sticky":false,"template":"","format":"standard","meta":{"footnotes":""},"categories":[11],"tags":[],"class_list":["post-127","post","type-post","status-publish","format-standard","hentry","category-macos-classic"],"views":102,"_links":{"self":[{"href":"https:\/\/www.ilbytecidio.it\/index.php?rest_route=\/wp\/v2\/posts\/127","targetHints":{"allow":["GET"]}}],"collection":[{"href":"https:\/\/www.ilbytecidio.it\/index.php?rest_route=\/wp\/v2\/posts"}],"about":[{"href":"https:\/\/www.ilbytecidio.it\/index.php?rest_route=\/wp\/v2\/types\/post"}],"author":[{"embeddable":true,"href":"https:\/\/www.ilbytecidio.it\/index.php?rest_route=\/wp\/v2\/users\/1"}],"replies":[{"embeddable":true,"href":"https:\/\/www.ilbytecidio.it\/index.php?rest_route=%2Fwp%2Fv2%2Fcomments&post=127"}],"version-history":[{"count":2,"href":"https:\/\/www.ilbytecidio.it\/index.php?rest_route=\/wp\/v2\/posts\/127\/revisions"}],"predecessor-version":[{"id":311,"href":"https:\/\/www.ilbytecidio.it\/index.php?rest_route=\/wp\/v2\/posts\/127\/revisions\/311"}],"wp:attachment":[{"href":"https:\/\/www.ilbytecidio.it\/index.php?rest_route=%2Fwp%2Fv2%2Fmedia&parent=127"}],"wp:term":[{"taxonomy":"category","embeddable":true,"href":"https:\/\/www.ilbytecidio.it\/index.php?rest_route=%2Fwp%2Fv2%2Fcategories&post=127"},{"taxonomy":"post_tag","embeddable":true,"href":"https:\/\/www.ilbytecidio.it\/index.php?rest_route=%2Fwp%2Fv2%2Ftags&post=127"}],"curies":[{"name":"wp","href":"https:\/\/api.w.org\/{rel}","templated":true}]}}