{"id":885,"date":"2020-04-16T18:05:06","date_gmt":"2020-04-16T16:05:06","guid":{"rendered":"http:\/\/www.ilbytecidio.it\/?p=885"},"modified":"2020-04-30T13:49:32","modified_gmt":"2020-04-30T11:49:32","slug":"unapp-per-seguire-gli-spostamenti-anche-no","status":"publish","type":"post","link":"https:\/\/www.ilbytecidio.it\/?p=885","title":{"rendered":"Un&#8217;app per seguire gli spostamenti? Anche no."},"content":{"rendered":"\n<div class=\"wp-block-image\"><figure class=\"alignright\"><img loading=\"lazy\" decoding=\"async\" width=\"300\" height=\"156\" src=\"http:\/\/www.ilbytecidio.it\/wp-content\/uploads\/2020\/04\/mappa-mini.jpg\" alt=\"Mappa - grazie a pixel2013 da pixabay\" class=\"wp-image-891\"\/><\/figure><\/div>\n\n\n\n<p>Non \u00e8 nuova <strong>l&#8217;ipotesi<\/strong> che la cosiddetta fase 2 della gestione dell&#8217;emergenza COVID-19 preveda l&#8217;obbligo per chi intende uscire di casa dell&#8217;utilizzo di un&#8217;applicazione che tracci, registri e comunichi alle autorit\u00e0 i nostri spostamenti. Non amo scrivere articoli che trattino argomenti politici ma, com&#8217;\u00e8 accaduto in qualche rara occasione, vorrei esprimere il mio personale parere su questo tema in cui s&#8217;intrecciano politica, tecnologia e protezione del diritto alla riservatezza.<\/p>\n\n\n\n<!--more-->\n\n\n\n<p><strong>ATTENZIONE:<\/strong> l&#8217;articolo ha preceduto l&#8217;annuncio della scelta dell&#8217;applicazione da parte del governo. Sono presenti alcuni aggiornamenti in fondo.<\/p>\n\n\n\n<p>Prendo spunto dall&#8217;aver appreso che Andrea Scanzi, in una delle sue dirette giornaliere, ha dato del <em>coglione<\/em> a chiunque sia contrario a questa ipotesi, con la motivazione che tanto siamo gi\u00e0 tutti tracciati, fatto in parte vero, specie se si \u00e8 assidui frequentatori di reti sociali o utilizzatori di dispositivi-spia come Alexa.<\/p>\n\n\n\n<p>Prendo atto dell&#8217;insulto del giornalista, col quale peraltro mi sono trovato d&#8217;accordo in altre occasioni, ma vorrei articolare la mia riflessione in modo pi\u00f9 costruttivo. Elenco di seguito le mie perplessit\u00e0:<\/p>\n\n\n\n<ol class=\"wp-block-list\"><li>Davvero dovremmo buttar via risorse che potrebbero aiutare la sanit\u00e0 e l&#8217;economia a riprendersi per pagare e mantenere un&#8217;applicazione spia?<\/li><li>Come si verificher\u00e0 il rispetto della distanza di sicurezza? Dal momento che dubito che ci sar\u00e0 mai abbastanza personale da monitorare 24 ore su 24 qualsiasi spostamento su uno schermo, immagino che questo venga fatto via software, con tutti i prevedibili bug del caso, specie agli inizi. Non conosco in tutta onest\u00e0 l&#8217;approssimazione del sistema GPS, ma so per certo che in alcune citt\u00e0 e su alcuni dispositivi funziona piuttosto male. Temo che ci ritroveremo facilmente a ricevere multe per il semplice fatto di esserci trovati per qualche secondo accanto a qualche sconosciuto di cui non ci eravamo nemmeno accorti o, peggio, per un errore di calcolo della posizione.<\/li><li>Non \u00e8 vero che siamo tutti gi\u00e0 spiati e che quindi non fa differenza. C&#8217;\u00e8 chi non usa Facebook, non usa Alexa, accede a internet tramite VPN e magari non ha sempre il telefono in mano. E non perch\u00e9 abbia qualcosa da nascondere, ma semplicemente perch\u00e9 se abbiamo le tende alle finestre e denunciamo per atti persecutori (stalking) chi ci segue insistentemente negli spostamenti c&#8217;\u00e8 una ragione.<\/li><li>Non esiste alcuna prova che questa misura sia efficace. \u00c8 vero che la Corea si sta lasciando l&#8217;emergenza alle spalle, ma anche la Germania, dove non esiste niente di simile. Che forse il segreto sia la minore propensione al contatto fisico in tali paesi?<\/li><li>Non esiste, che io sappia, l&#8217;obbligo di possedere un cellulare, n\u00e9 tantomeno di possederne uno che supporti la famigerata app. Obbligheremo chi ha un telefonino classico o chi proprio non ce l&#8217;ha a stare sepolto in casa? E chi non ha un piano dati, non lo vuole o non pu\u00f2 permetterselo perch\u00e9 a causa della quarantena deve contare i centesimi?<\/li><li>Quali diritti si possono sospendere in un caso d&#8217;emergenza come questo? In che misura? Per quanto tempo? Chi lo decide? E una volta creato il precedente quali altri casi giustificheranno un provvedimento cos\u00ec grave? Se limitare gli spostamenti al necessario suona ragionevole (ma nemmeno quanto sembra, se consideriamo che c&#8217;\u00e8 chi non \u00e8 d&#8217;accordo e che in alcuni paesi, come la Spagna, la procedura per rinnovare questa misura \u00e8 pi\u00f9 complessa), dover rinunciare essere costantemente osservati rende la situazione ancora pi\u00f9 insopportabile.<\/li><li>Ammesso e non concesso che il RGPD e le leggi derivate possano essere sospesi, cosa sar\u00e0 dell&#8217;enorme mole di dati raccolti, una volta finita l&#8217;emergenza? Chi avr\u00e0 il compito di gestirli e cosa potr\u00e0 farne, senza che noi si possa accettare o declinare col tipico foglio di consenso?<\/li><li>L&#8217;INPS ci ha regalato almeno due casi clamorosi negli ultimi anni, quello della sventurata gestione dell&#8217;<a rel=\"noreferrer noopener\" aria-label=\"assistenza tramite Facebook (opens in a new tab)\" href=\"http:\/\/www.ilbytecidio.it\/?p=814\" target=\"_blank\">assistenza tramite Facebook<\/a> e quello del blocco totale del sito web pochi giorni fa in seguito ai troppi accessi (se la memoria non m&#8217;inganna, non era nemmeno la prima volta), che hanno mostrato sia l&#8217;ignoranza informatica che perdura in Italia, sia la scarsit\u00e0 dei mezzi messi a disposizione dallo stato. Ho i miei dubbi quindi che quest&#8217;applicazione verrebbe gestita in modo decente.<\/li><\/ol>\n\n\n\n<p>Ci troviamo senza ombra di dubbio in mezzo a qualcosa che finora credevamo possibile solo nei film a tema catastrofico ed \u00e8 importante, a mio parere, non perdere la testa ed il senso della realt\u00e0. Anche se chiusi in casa, restiamo individui con dei diritti. Abbiamo gi\u00e0 assistito, accanto alla repressione di comportamenti che potevano mettere a rischio la salute di tutti (vedi l&#8217;assurda processione Pasquale organizzata da gruppi di estrema destra), anche casi di assurdi accanimenti verso chi si trovava pochi metri fuori dal limite stabilito per accompagnare i propri cani fuori casa, per non parlare di chi non avendo supermercati nelle vicinanze \u00e8 dovuto uscire dal limite del proprio comune. Di fronte a una situazione del genere e con tutti i miei dubbi, non mi sento affatto tranquillo al pensiero di essere tracciato ovunque vada e personalmente mi opporr\u00f2 a questa misura quanto potr\u00f2, ringraziando anche il fatto di avere un cellulare ormai datato.<\/p>\n\n\n\n<p><strong>AGGIORNAMENTO DEL 17\/04\/2020:<\/strong> ho letto oggi la <a rel=\"noreferrer noopener\" aria-label=\"notizia (opens in a new tab)\" href=\"https:\/\/innovazione.tiscali.it\/news\/articoli\/Coronavirus-fase-2-app-tracciamento-dei-contagi-ecco-come-funziona\/\" target=\"_blank\">notizia<\/a> dell&#8217;inizio della sperimentazione di un&#8217;app per il tracciamento dei contagi, ma ben diversa da ci\u00f2 che era stato prospettato inizialmente: si tratta di un&#8217;applicazione dall&#8217;uso facoltativo, in linea col RGPD e che non richiede la registrazione della posizione. Meglio di quel che temevo, se le informazioni sono corrette.<\/p>\n\n\n\n<p><strong>AGGIORNAMENTO DEL 20\/04\/2020:<\/strong> pare che il mio sospiro di sollievo fosse prematuro alla luce di un <a rel=\"noreferrer noopener\" aria-label=\"probabile ricatto (opens in a new tab)\" href=\"https:\/\/www.huffingtonpost.it\/entry\/spostamenti-limitati-per-chi-non-scarica-immuni-lipotesi-del-governo-per-incentivare-luso-della-app_it_5e9d50e1c5b692e78cabde47\" target=\"_blank\">probabile ricatto<\/a> a chi non intenda installare volontariamente l&#8217;applicazione. Peraltro, bench\u00e9 il mio articolo sia precedente all&#8217;annuncio dell&#8217;app e presenti alcuni scenari che pare non siano nelle intenzioni (come la multa in caso di rilevamento di assembramenti), cominciano gi\u00e0 ad essere sollevati alcuni dubbi su molti aspetti di quest&#8217;operazione, fra cui l&#8217;effettivo rispetto della riservatezza dei dati.<\/p>\n\n\n\n<p><strong>AGGIORNAMENTO DEL 30\/04\/2020:<\/strong> nessun ricatto, perch\u00e9 sarebbe una misura anticostituzionale e contraria ai principi delle leggi sulla riservatezza. L&#8217;app <a href=\"https:\/\/www.msn.com\/it-it\/notizie\/other\/l-app-immuni-non-sar%C3%A0-obbligatoria-ma-resta-il-nodo-della-raccolta-dei-dati\/ar-BB12Zsud\" target=\"_blank\" rel=\"noreferrer noopener\" aria-label=\"resta dunque facoltativa (opens in a new tab)\">resta dunque facoltativa<\/a>. Ognuno decida secondo la propria coscienza, dopo aver ascoltato i pareri a favore e contro e magari dopo aver verificato i dettagli tecnici. Io non mi dilungher\u00f2 oltre per ora perch\u00e9 c&#8217;\u00e8 gi\u00e0 molto materiale in rete. Consiglio gli articoli di Paolo Attivissimo, a partire da <a rel=\"noreferrer noopener\" aria-label=\"questo (opens in a new tab)\" href=\"https:\/\/attivissimo.blogspot.com\/2020\/04\/perche-dare-dati-unapp-di-tracciamento.html?m=1\" target=\"_blank\">questo<\/a>, in cui sono prospettati scenari interessanti.<\/p>\n","protected":false},"excerpt":{"rendered":"<p>Non \u00e8 nuova l&#8217;ipotesi che la cosiddetta fase 2 della gestione dell&#8217;emergenza COVID-19 preveda l&#8217;obbligo per chi intende uscire di casa dell&#8217;utilizzo di un&#8217;applicazione che tracci, registri e comunichi alle autorit\u00e0 i nostri spostamenti. Non amo scrivere articoli che trattino &hellip; <a href=\"https:\/\/www.ilbytecidio.it\/?p=885\">Continua a leggere<span class=\"meta-nav\">&rarr;<\/span><\/a><\/p>\n","protected":false},"author":1,"featured_media":0,"comment_status":"open","ping_status":"open","sticky":false,"template":"","format":"standard","meta":{"footnotes":""},"categories":[29,28,39],"tags":[63,62,76],"class_list":["post-885","post","type-post","status-publish","format-standard","hentry","category-altri-argomenti","category-software","category-telefonia-e-cellulari","tag-privacy","tag-riservatezza","tag-sicurezza"],"views":116,"_links":{"self":[{"href":"https:\/\/www.ilbytecidio.it\/index.php?rest_route=\/wp\/v2\/posts\/885","targetHints":{"allow":["GET"]}}],"collection":[{"href":"https:\/\/www.ilbytecidio.it\/index.php?rest_route=\/wp\/v2\/posts"}],"about":[{"href":"https:\/\/www.ilbytecidio.it\/index.php?rest_route=\/wp\/v2\/types\/post"}],"author":[{"embeddable":true,"href":"https:\/\/www.ilbytecidio.it\/index.php?rest_route=\/wp\/v2\/users\/1"}],"replies":[{"embeddable":true,"href":"https:\/\/www.ilbytecidio.it\/index.php?rest_route=%2Fwp%2Fv2%2Fcomments&post=885"}],"version-history":[{"count":15,"href":"https:\/\/www.ilbytecidio.it\/index.php?rest_route=\/wp\/v2\/posts\/885\/revisions"}],"predecessor-version":[{"id":913,"href":"https:\/\/www.ilbytecidio.it\/index.php?rest_route=\/wp\/v2\/posts\/885\/revisions\/913"}],"wp:attachment":[{"href":"https:\/\/www.ilbytecidio.it\/index.php?rest_route=%2Fwp%2Fv2%2Fmedia&parent=885"}],"wp:term":[{"taxonomy":"category","embeddable":true,"href":"https:\/\/www.ilbytecidio.it\/index.php?rest_route=%2Fwp%2Fv2%2Fcategories&post=885"},{"taxonomy":"post_tag","embeddable":true,"href":"https:\/\/www.ilbytecidio.it\/index.php?rest_route=%2Fwp%2Fv2%2Ftags&post=885"}],"curies":[{"name":"wp","href":"https:\/\/api.w.org\/{rel}","templated":true}]}}